{"id":166,"date":"2015-11-17T12:02:25","date_gmt":"2015-11-17T11:02:25","guid":{"rendered":"http:\/\/naturestel.com\/blog\/?p=166"},"modified":"2020-04-28T13:28:53","modified_gmt":"2020-04-28T12:28:53","slug":"caida-del-cabello","status":"publish","type":"post","link":"https:\/\/naturestel.com\/blog\/caida-del-cabello\/","title":{"rendered":"Ca\u00edda del cabello"},"content":{"rendered":"\n&nbsp;\n<p style=\"text-align: justify;\"><a href=\"https:\/\/i0.wp.com\/naturestel.com\/blog\/wp-content\/uploads\/2015\/11\/caida-del-cabello1.jpg\"><img data-recalc-dims=\"1\" loading=\"lazy\" decoding=\"async\" data-attachment-id=\"190\" data-permalink=\"https:\/\/naturestel.com\/blog\/caida-del-cabello\/caida-del-cabello-2\/#main\" data-orig-file=\"https:\/\/i0.wp.com\/naturestel.com\/blog\/wp-content\/uploads\/2015\/11\/caida-del-cabello1.jpg?fit=1222%2C828&amp;ssl=1\" data-orig-size=\"1222,828\" data-comments-opened=\"1\" data-image-meta=\"{&quot;aperture&quot;:&quot;0&quot;,&quot;credit&quot;:&quot;&quot;,&quot;camera&quot;:&quot;&quot;,&quot;caption&quot;:&quot;&quot;,&quot;created_timestamp&quot;:&quot;0&quot;,&quot;copyright&quot;:&quot;&quot;,&quot;focal_length&quot;:&quot;0&quot;,&quot;iso&quot;:&quot;0&quot;,&quot;shutter_speed&quot;:&quot;0&quot;,&quot;title&quot;:&quot;&quot;,&quot;orientation&quot;:&quot;0&quot;}\" data-image-title=\"caida-del-cabello\" data-image-description=\"\" data-image-caption=\"\" data-medium-file=\"https:\/\/i0.wp.com\/naturestel.com\/blog\/wp-content\/uploads\/2015\/11\/caida-del-cabello1.jpg?fit=300%2C203&amp;ssl=1\" data-large-file=\"https:\/\/i0.wp.com\/naturestel.com\/blog\/wp-content\/uploads\/2015\/11\/caida-del-cabello1.jpg?fit=1020%2C691&amp;ssl=1\" class=\" wp-image-190 aligncenter\" src=\"https:\/\/i0.wp.com\/naturestel.com\/blog\/wp-content\/uploads\/2015\/11\/caida-del-cabello1.jpg?resize=554%2C375\" alt=\"caida-del-cabello\" width=\"554\" height=\"375\" srcset=\"https:\/\/i0.wp.com\/naturestel.com\/blog\/wp-content\/uploads\/2015\/11\/caida-del-cabello1.jpg?resize=300%2C203&amp;ssl=1 300w, https:\/\/i0.wp.com\/naturestel.com\/blog\/wp-content\/uploads\/2015\/11\/caida-del-cabello1.jpg?resize=1024%2C694&amp;ssl=1 1024w, https:\/\/i0.wp.com\/naturestel.com\/blog\/wp-content\/uploads\/2015\/11\/caida-del-cabello1.jpg?resize=540%2C366&amp;ssl=1 540w, https:\/\/i0.wp.com\/naturestel.com\/blog\/wp-content\/uploads\/2015\/11\/caida-del-cabello1.jpg?resize=900%2C610&amp;ssl=1 900w, https:\/\/i0.wp.com\/naturestel.com\/blog\/wp-content\/uploads\/2015\/11\/caida-del-cabello1.jpg?w=1222&amp;ssl=1 1222w\" sizes=\"auto, (max-width: 554px) 100vw, 554px\" \/><\/a><\/p>\n<p style=\"text-align: justify;\">Con el cambio estacional, la ca\u00edda del cabello suele ser una preocupaci\u00f3n cotidiana para los hombres y las mujeres de hoy en d\u00eda. En efecto, lucir un cabello fuerte, sano y abundante es primordial para lucir una apariencia est\u00e9tica inmejorable y poder diferenciarse de los dem\u00e1s.<\/p>\n<p style=\"text-align: justify;\">Unas de las principales causas de la ca\u00edda del cabello son la herencia y las hormonas masculinas. A esa ca\u00edda excesiva del cabello se le denomina Alopecia. Existen varios tipos de Alopecia. La m\u00e1s com\u00fan es la Alopecia Androg\u00e9nica causada por factores gen\u00e9ticos y que afecta m\u00e1s a los hombres que a las mujeres.<\/p>\n<p style=\"text-align: justify;\">La Alopecia Androg\u00e9nica se define en t\u00e9rmino m\u00e9dico como una anormal y excesiva ca\u00edda del cabello. En efecto, las hormonas masculinas (Testosterona DHT) son la causa de que ocurra este tipo de Alopecia Andr\u00f3gena. Se determina por la sensibilidad de los fol\u00edculos pilosos del cuero cabelludo frente a las hormonas andr\u00f3genas. Es un proceso que suele iniciarse en la adolescencia debido al aumento de las cifras y actividad de los andr\u00f3genos. Existen varios andr\u00f3genos que pueden actuar sobre el fol\u00edculo con un grado de actividad diferente, siendo el m\u00e1s activo la hormona dihidrotestosterona.<\/p>\n<p style=\"text-align: justify;\">La dihidrotestosterona o DHT, es una mol\u00e9cula natural de la hormona masculina testosterona. La DHT se produce naturalmente en hombres y mujeres, ya que ambos generan testosterona, aunque en cantidades totalmente distintas.<\/p>\n<p style=\"text-align: justify;\">Se sabe que en la Alopecia Androg\u00e9nica, la DHT produce sobre el fol\u00edculo piloso una atrofia progresiva&nbsp; y una disminuci\u00f3n de la densidad del cabello.<\/p>\n<p style=\"text-align: justify;\">La DHT, en un primer momento, disminuye el crecimiento del ciclo del cabello, lo cual produce la reducci\u00f3n del pelo. En consecuencia, con el tiempo, el pelo se vuelve m\u00e1s fino, corto y anodino, quedando cada vez menos pelo en la cabeza.<\/p>\n<p style=\"text-align: justify;\">Las zonas m\u00e1s frecuentes a la actividad de los andr\u00f3genos en los hombres son la zona por encima de la frente y la coronilla y para las mujeres toda la zona superior y central de la cabeza, dependiendo de la herencia que se transmite de padres a hijos con una intensidad variable.<\/p>\n<p style=\"text-align: justify;\">Asimismo, existen varios factores de Alopecia NO Androg\u00e9nica estimulado por el estr\u00e9s. Una persona que padece continuamente tensi\u00f3n, que sea en el trabajo o en casa, podr\u00eda sufrir una p\u00e9rdida de m\u00e1s de 150 cabellos al d\u00eda.<\/p>\n<p style=\"text-align: justify;\">Otros factores influyentes como un tratamiento medical o enfermedad prolongado, un cambio hormonal o un problema nutricional serio afectan asimismo a la ca\u00edda del cabello.<\/p>\n<p style=\"text-align: justify;\">Consejos y prevenci\u00f3n ante la ca\u00edda del cabello:<\/p>\n\n<ul style=\"text-align: justify;\">\n \t<li>Lavarse el cabello con frecuencia.<\/li>\n \t<li>Tomar vitaminas del grupo B que ayudan a la reestructuraci\u00f3n del cabello.<\/li>\n \t<li>Tomar el complemento<a href=\"http:\/\/www.naturestel.com\/tienda\/capilar\/1991-vital-capilar-sura-vitasan-30-perlas.html\" target=\"_blank\" rel=\"noopener noreferrer\"><span style=\"text-decoration: underline;\"><strong> VitalCapilar<\/strong><\/span> <\/a>que favorece y fortalece el crecimiento del cabello, u\u00f1as y piel.<\/li>\n<\/ul>\n<ul style=\"text-align: justify;\">\n \t<li>En los casos de caspa y grasa, cuando el pelo se lava con frecuencia, es aconsejable alternar un champ\u00fa de tratamiento con otro champ\u00fa de uso frecuente. Con los dos champ\u00fas hay que hacer 2 enjabonadas. A la segunda, hay que dejar la espuma de 2 a 3 minutos, sin friccionar. El peine debe ser de dientes anchos y separados. Deben evitarse los cepillos met\u00e1licos.<\/li>\n<\/ul>\n<ul style=\"text-align: justify;\">\n \t<li>Proteger adecuadamente el cabello del sol sobre todo en verano que es la \u00e9poca del a\u00f1o en la que m\u00e1s castigamos el cuero cabelludo.<\/li>\n<\/ul>\n<ul style=\"text-align: justify;\">\n \t<li>Tomar Biotina; la biotina la encontramos en grandes cantidades en la levadura de cerveza, los filetes de h\u00edgado y los huevos (siempre y cuando est\u00e9n cocinados, ya que si el huevo est\u00e1 crudo nuestro cuerpo no absorbe la biotina).<\/li>\n<\/ul>\n<ul style=\"text-align: justify;\">\n \t<li>Tomar hierro lo encontramos en carnes, pescado y huevos y en alimentos de origen no animal, como las lentejas y las espinacas, pero en este caso es un hierro que se absorbe poco. Para absorber ese hierro hay que tomar mucha vitamina C.<\/li>\n<\/ul>\n<p style=\"text-align: justify;\">Se debe de tener en cuenta que al ser un proceso biol\u00f3gico, la Alopecia podr\u00e1 detenerse o retrasarse, pero nunca curarse.<\/p>\n","protected":false},"excerpt":{"rendered":"<p>&nbsp; Con el cambio estacional, la ca\u00edda del cabello suele ser una preocupaci\u00f3n cotidiana para los hombres y las mujeres de hoy en d\u00eda. En efecto, lucir un cabello fuerte, sano y abundante es primordial para lucir una apariencia est\u00e9tica inmejorable y poder diferenciarse de los dem\u00e1s. Unas de las principales causas de la ca\u00edda [&#8230;]\n","protected":false},"author":1,"featured_media":190,"comment_status":"open","ping_status":"closed","sticky":false,"template":"","format":"standard","meta":{"jetpack_post_was_ever_published":false,"_jetpack_newsletter_access":"","_jetpack_dont_email_post_to_subs":false,"_jetpack_newsletter_tier_id":0,"_jetpack_memberships_contains_paywalled_content":false,"_jetpack_memberships_contains_paid_content":false,"footnotes":"","jetpack_publicize_message":"","jetpack_publicize_feature_enabled":true,"jetpack_social_post_already_shared":true,"jetpack_social_options":{"image_generator_settings":{"template":"highway","default_image_id":0,"font":"","enabled":false},"version":2}},"categories":[1],"tags":[41,40,42,43,39],"class_list":["post-166","post","type-post","status-publish","format-standard","has-post-thumbnail","hentry","category-sin-categoria","tag-alopecia-androgenica","tag-caida-del-cabello","tag-dht","tag-testosterona","tag-vitalcapilar"],"jetpack_publicize_connections":[],"jetpack_featured_media_url":"https:\/\/i0.wp.com\/naturestel.com\/blog\/wp-content\/uploads\/2015\/11\/caida-del-cabello1.jpg?fit=1222%2C828&ssl=1","jetpack_sharing_enabled":true,"jetpack_shortlink":"https:\/\/wp.me\/p6pfZk-2G","jetpack-related-posts":[],"_links":{"self":[{"href":"https:\/\/naturestel.com\/blog\/wp-json\/wp\/v2\/posts\/166","targetHints":{"allow":["GET"]}}],"collection":[{"href":"https:\/\/naturestel.com\/blog\/wp-json\/wp\/v2\/posts"}],"about":[{"href":"https:\/\/naturestel.com\/blog\/wp-json\/wp\/v2\/types\/post"}],"author":[{"embeddable":true,"href":"https:\/\/naturestel.com\/blog\/wp-json\/wp\/v2\/users\/1"}],"replies":[{"embeddable":true,"href":"https:\/\/naturestel.com\/blog\/wp-json\/wp\/v2\/comments?post=166"}],"version-history":[{"count":0,"href":"https:\/\/naturestel.com\/blog\/wp-json\/wp\/v2\/posts\/166\/revisions"}],"wp:featuredmedia":[{"embeddable":true,"href":"https:\/\/naturestel.com\/blog\/wp-json\/wp\/v2\/media\/190"}],"wp:attachment":[{"href":"https:\/\/naturestel.com\/blog\/wp-json\/wp\/v2\/media?parent=166"}],"wp:term":[{"taxonomy":"category","embeddable":true,"href":"https:\/\/naturestel.com\/blog\/wp-json\/wp\/v2\/categories?post=166"},{"taxonomy":"post_tag","embeddable":true,"href":"https:\/\/naturestel.com\/blog\/wp-json\/wp\/v2\/tags?post=166"}],"curies":[{"name":"wp","href":"https:\/\/api.w.org\/{rel}","templated":true}]}}